{"id":134806,"date":"2025-07-27T14:43:05","date_gmt":"2025-07-27T14:43:05","guid":{"rendered":"https:\/\/psykiater.no\/?p=134806"},"modified":"2026-04-17T15:56:53","modified_gmt":"2026-04-17T15:56:53","slug":"fiberinntak-i-svangerskapet-knyttet-til-adhd","status":"publish","type":"post","link":"https:\/\/psykiater.no\/adhd\/fiberinntak-i-svangerskapet-knyttet-til-adhd\/","title":{"rendered":"Fiberinntak i svangerskapet knyttet til ADHD"},"content":{"rendered":"\t\t<div data-elementor-type=\"wp-post\" data-elementor-id=\"134806\" class=\"elementor elementor-134806\" data-elementor-post-type=\"post\">\n\t\t\t\t<div class=\"elementor-element elementor-element-4a8f55c7 e-con-full e-flex e-con e-parent\" data-id=\"4a8f55c7\" data-element_type=\"container\" data-e-type=\"container\">\n\t\t\t\t<div class=\"elementor-element elementor-element-86d28ff elementor-widget elementor-widget-text-editor\" data-id=\"86d28ff\" data-element_type=\"widget\" data-e-type=\"widget\" id=\"Oversikt\" data-widget_type=\"text-editor.default\">\n\t\t\t\t\t\t\t\t\t<p><span style=\"font-weight: 400;\">Fiber er en del av maten som kroppen v\u00e5r ikke kan ford\u00f8ye. Det hjelper tarmen v\u00e5r \u00e5 fungere godt. N\u00e5r en mor spiser nok fiber, har kroppen hennes og babyen det bedre. Ny forskning viser at n\u00e5r en mor spiser lite fiber i svangerskapet, kan barnet hennes ha st\u00f8rre sannsynlighet for \u00e5 f\u00e5 <\/span><a href=\"https:\/\/psykiater.no\/adhd-add\/\" target=\"_blank\" rel=\"noopener\"><span style=\"font-weight: 400;\">ADHD<\/span><\/a><span style=\"font-weight: 400;\"> Denne artikkelen vil forklare hvorfor fiber er viktig. Den vil ogs\u00e5 vise enkle m\u00e5ter \u00e5 \u00f8ke fiberinntak p\u00e5.<\/span><\/p><p><span style=\"font-weight: 400;\">Fiber finnes i frukt, gr\u00f8nnsaker, korn og b\u00f8nner. Det hjelper med \u00e5 flytte maten i tarmen. Det gir n\u00e6ring til gode bakterier i magen. En bra ern\u00e6rt tarm produserer gode kjemikalier. Disse kjemikaliene kan hjelpe babyens hjerne med \u00e5 vokse seg sterk. Mange kvinner spiser ikke nok fiber n\u00e5r de er gravide. Dette kan for\u00e5rsake endringer i tarmen. Disse endringene kan p\u00e5virke barnets hjerne.<\/span><\/p>\t\t\t\t\t\t\t\t<\/div>\n\t\t\t\t<div class=\"elementor-element elementor-element-6b4145b elementor-widget elementor-widget-text-editor\" data-id=\"6b4145b\" data-element_type=\"widget\" data-e-type=\"widget\" id=\"Symptomer\" data-widget_type=\"text-editor.default\">\n\t\t\t\t\t\t\t\t\t<h2><b>Fiberens rolle i mors helse<\/b><\/h2>\t\t\t\t\t\t\t\t<\/div>\n\t\t\t\t<div class=\"elementor-element elementor-element-5cdd8c2 elementor-widget elementor-widget-text-editor\" data-id=\"5cdd8c2\" data-element_type=\"widget\" data-e-type=\"widget\" data-widget_type=\"text-editor.default\">\n\t\t\t\t\t\t\t\t\t<p><span style=\"font-weight: 400;\">Fiber hjelper en gravid kvinne med \u00e5 f\u00f8le seg mett. Det bremser sukkertopper. Det kan redusere risikoen for svangerskapsdiabetes. Det bidrar ogs\u00e5 til \u00e5 holde vekt\u00f8kningen i sjakk. En sunn mor f\u00e5r en sunn baby. N\u00e5r en mor har god tarmhelse, produserer kroppen hennes mer av riktig type hormoner. Disse hormonene hjelper babyens hjerneceller med \u00e5 dannes og vokse.<\/span><\/p>\t\t\t\t\t\t\t\t<\/div>\n\t\t\t\t<div class=\"elementor-element elementor-element-2c30f17 elementor-widget elementor-widget-text-editor\" data-id=\"2c30f17\" data-element_type=\"widget\" data-e-type=\"widget\" id=\"Arsaker\" data-widget_type=\"text-editor.default\">\n\t\t\t\t\t\t\t\t\t<h2><b>Fiber og tarmmikrobiomet<\/b><\/h2>\t\t\t\t\t\t\t\t<\/div>\n\t\t\t\t<div class=\"elementor-element elementor-element-8fb74c1 elementor-widget elementor-widget-text-editor\" data-id=\"8fb74c1\" data-element_type=\"widget\" data-e-type=\"widget\" data-widget_type=\"text-editor.default\">\n\t\t\t\t\t\t\t\t\t<p><span style=\"font-weight: 400;\">Tarmmikrobiomet er en gruppe bittesm\u00e5 levende vesener i magen. Fiber mater disse sm\u00e5 vennene. N\u00e5r de spiser fiber, produserer de kortkjedede fettsyrer. Disse syrene kan g\u00e5 over i blodet. De bidrar til \u00e5 roe ned betennelse i kroppen.<\/span><\/p><p><span style=\"font-weight: 400;\">Hvis en mor har lite fiber, lider tarmen hennes. De produserer f\u00e6rre gode syrer. Dette kan endre morens blod. Det kan ogs\u00e5 endre hva babyens hjerne f\u00e5r. Disse endringene kan gj\u00f8re babyens hjernestruktur annerledes.<\/span><\/p>\t\t\t\t\t\t\t\t<\/div>\n\t\t\t\t<div class=\"elementor-element elementor-element-2506fd4 elementor-widget elementor-widget-text-editor\" data-id=\"2506fd4\" data-element_type=\"widget\" data-e-type=\"widget\" id=\"Typer\" data-widget_type=\"text-editor.default\">\n\t\t\t\t\t\t\t\t\t<h2><b>Lavt fiberinnhold og fosterhjernens utvikling<\/b><\/h2>\t\t\t\t\t\t\t\t<\/div>\n\t\t\t\t<div class=\"elementor-element elementor-element-7d66e3f elementor-widget elementor-widget-text-editor\" data-id=\"7d66e3f\" data-element_type=\"widget\" data-e-type=\"widget\" data-widget_type=\"text-editor.default\">\n\t\t\t\t\t\t\t\t\t<p><span style=\"font-weight: 400;\">En babys hjerne vokser raskt i livmoren. Den trenger de riktige signalene. Disse signalene kommer fra morens kropp. Hvis moren spiser lite fiber, kan signalene endre seg. I noen tilfeller kan de \u00f8ke risikoen for <\/span><span style=\"font-weight: 400;\">ADHD<\/span><span style=\"font-weight: 400;\">.<\/span><\/p><p><span style=\"font-weight: 400;\">ADHD er en tilstand som gj\u00f8r det vanskelig \u00e5 v\u00e6re oppmerksom og sitte stille. Det kan starte tidlig i livet. Hvis et barn har hjernestrukturer som heller den veien, kan de vise tegn p\u00e5 ADHD senere.<\/span><\/p>\t\t\t\t\t\t\t\t<\/div>\n\t\t\t\t<div class=\"elementor-element elementor-element-7379cc6 elementor-widget elementor-widget-text-editor\" data-id=\"7379cc6\" data-element_type=\"widget\" data-e-type=\"widget\" id=\"Strategier\" data-widget_type=\"text-editor.default\">\n\t\t\t\t\t\t\t\t\t<h2><b>Sammenheng mellom mors fiberinntak og ADHD-risiko<\/b><\/h2>\t\t\t\t\t\t\t\t<\/div>\n\t\t\t\t<div class=\"elementor-element elementor-element-47d2883 elementor-widget elementor-widget-text-editor\" data-id=\"47d2883\" data-element_type=\"widget\" data-e-type=\"widget\" data-widget_type=\"text-editor.default\">\n\t\t\t\t\t\t\t\t\t<p><span style=\"font-weight: 400;\">Under forskning p\u00e5 mennesker hadde m\u00f8dre med lavt fiberinntak h\u00f8yere sjanser for \u00e5 f\u00e5 barn med ADHD<\/span><span style=\"font-weight: 400;\">\u00a0symptomer. Selv om det fortsatt kan kreve ytterligere studier, er sammenhengen s\u00e5 stor at fiber kan betraktes som en viktig del av kostholdet under graviditet.<\/span><\/p>\t\t\t\t\t\t\t\t<\/div>\n\t\t\t\t<div class=\"elementor-element elementor-element-524be6b elementor-widget elementor-widget-text-editor\" data-id=\"524be6b\" data-element_type=\"widget\" data-e-type=\"widget\" id=\"Pavirker\" data-widget_type=\"text-editor.default\">\n\t\t\t\t\t\t\t\t\t<h2><b>Hvordan fiber p\u00e5virker nevroutvikling<\/b><\/h2>\t\t\t\t\t\t\t\t<\/div>\n\t\t\t\t<div class=\"elementor-element elementor-element-cf81d46 elementor-widget elementor-widget-text-editor\" data-id=\"cf81d46\" data-element_type=\"widget\" data-e-type=\"widget\" data-widget_type=\"text-editor.default\">\n\t\t\t\t\t\t\t\t\t<p><span style=\"font-weight: 400;\">Fiber bidrar til \u00e5 lage kortkjedede fettsyrer. Disse syrene demper betennelse i kroppen. De kan ogs\u00e5 p\u00e5virke veksten av hjerneceller. N\u00e5r en baby vokser i en rolig kropp, kan hjernen utvikle seg bedre.<\/span><\/p><p><span style=\"font-weight: 400;\">For lite fiber betyr for f\u00e5 syrer. Dette kan f\u00f8re til mild betennelse. Betennelse hos moren kan overf\u00f8res til babyen. Det kan p\u00e5virke hvordan hjernekretser dannes. Dette kan dytte barnet mot ADHD-trekk.<\/span><\/p>\t\t\t\t\t\t\t\t<\/div>\n\t\t\t\t<div class=\"elementor-element elementor-element-da4bc1f elementor-widget elementor-widget-text-editor\" data-id=\"da4bc1f\" data-element_type=\"widget\" data-e-type=\"widget\" id=\"Tegn\" data-widget_type=\"text-editor.default\">\n\t\t\t\t\t\t\t\t\t<h2><b>Tegn p\u00e5 ADHD hos barn<\/b><\/h2>\t\t\t\t\t\t\t\t<\/div>\n\t\t\t\t<div class=\"elementor-element elementor-element-65f8503 elementor-widget elementor-widget-text-editor\" data-id=\"65f8503\" data-element_type=\"widget\" data-e-type=\"widget\" data-widget_type=\"text-editor.default\">\n\t\t\t\t\t\t\t\t\t<p><span style=\"font-weight: 400;\">ADHD kan vise seg hos sm\u00e5 barn. De kan ha problemer med \u00e5 sitte stille, snakke uten \u00e5 tenke, miste ting ofte og vanskelig for \u00e5 fokusere p\u00e5 oppgaver.<\/span><\/p><p><span style=\"font-weight: 400;\">Ikke alle barn med disse tegnene har ADHD. En lege m\u00e5 sjekke atferd over tid. Men et sunt <a href=\"https:\/\/psykiater.no\/vestlig-kosthold-og-adhd-autisme\/\" target=\"_blank\" rel=\"noopener\">kosthold<\/a> under graviditet kan bidra til \u00e5 redusere risikoen.<\/span><\/p>\t\t\t\t\t\t\t\t<\/div>\n\t\t\t\t<div class=\"elementor-element elementor-element-c8ce2cb elementor-widget elementor-widget-text-editor\" data-id=\"c8ce2cb\" data-element_type=\"widget\" data-e-type=\"widget\" id=\"Studier\" data-widget_type=\"text-editor.default\">\n\t\t\t\t\t\t\t\t\t<h2><b>Forskningsstudier om mors kosthold og ADHD<\/b><\/h2>\t\t\t\t\t\t\t\t<\/div>\n\t\t\t\t<div class=\"elementor-element elementor-element-26f133c elementor-widget elementor-widget-text-editor\" data-id=\"26f133c\" data-element_type=\"widget\" data-e-type=\"widget\" data-widget_type=\"text-editor.default\">\n\t\t\t\t\t\t\t\t\t<p><span style=\"font-weight: 400;\">Forskere ser p\u00e5 store grupper av m\u00f8dre og barn. De sporer hva m\u00f8drene spiser og hvordan barna vokser. Noen studier har funnet at lavt fiberinntak er knyttet til h\u00f8yere ADHD-tegn hos barn.<\/span><\/p><p><span style=\"font-weight: 400;\">&laquo;En<\/span><span style=\"font-weight: 400;\"> studie fra 2024 spurte m\u00f8dre om kostholdet deres under svangerskapet. Barna ble unders\u00f8kt i fem\u00e5rsalderen. De med m\u00f8dre som spiser lite fiber hadde flere ADHD-tegn enn de med m\u00f8dre som spiser mye fiber.&raquo;<\/span><\/p>\t\t\t\t\t\t\t\t<\/div>\n\t\t\t\t<div class=\"elementor-element elementor-element-b7e0f83 elementor-widget elementor-widget-text-editor\" data-id=\"b7e0f83\" data-element_type=\"widget\" data-e-type=\"widget\" id=\"Plan\" data-widget_type=\"text-editor.default\">\n\t\t\t\t\t\t\t\t\t<h2><b>Hvordan \u00f8ke fiber i graviditetsdiett<\/b><\/h2>\t\t\t\t\t\t\t\t<\/div>\n\t\t\t\t<div class=\"elementor-element elementor-element-93b367f elementor-widget elementor-widget-text-editor\" data-id=\"93b367f\" data-element_type=\"widget\" data-e-type=\"widget\" data-widget_type=\"text-editor.default\">\n\t\t\t\t\t\t\t\t\t<p><span style=\"font-weight: 400;\">Fiberinntaket er komfortabelt og trygt. Kvinner kan bidra til mindre endringer dag for dag. Planen kan f\u00f8lges opp i etapper.<\/span><\/p><p><span style=\"font-weight: 400;\">For det f\u00f8rste, velg \u00e5 spise hel frukt i stedet for juice. Spis skallet n\u00e5r det er p\u00e5 plass. For det andre, velg fullkornsbr\u00f8d og frokostblanding. For det tredje, inkluder noen n\u00f8tter eller fr\u00f8 i form av en snacks. For det fjerde, ha b\u00f8nner eller linser i supper og salater.<\/span><\/p>\t\t\t\t\t\t\t\t<\/div>\n\t\t\t\t<div class=\"elementor-element elementor-element-5c5b944 elementor-widget elementor-widget-text-editor\" data-id=\"5c5b944\" data-element_type=\"widget\" data-e-type=\"widget\" data-widget_type=\"text-editor.default\">\n\t\t\t\t\t\t\t\t\t<h2><b>Matvarer rike p\u00e5 fiber for gravide kvinner<\/b><\/h2>\t\t\t\t\t\t\t\t<\/div>\n\t\t\t\t<div class=\"elementor-element elementor-element-97d5954 elementor-widget elementor-widget-text-editor\" data-id=\"97d5954\" data-element_type=\"widget\" data-e-type=\"widget\" data-widget_type=\"text-editor.default\">\n\t\t\t\t\t\t\t\t\t<p><span style=\"font-weight: 400;\">Frukt som epler, p\u00e6rer og b\u00e6r er rike p\u00e5 fiber. Fiberrike gr\u00f8nnsaker som brokkoli, gulr\u00f8tter og erter er rike p\u00e5 fiber. Korn som brun ris og havre er nyttige. En enorm tilf\u00f8rsel av fiber kommer i form av b\u00f8nner, linser, kikerter og erter.<\/span><\/p><p><span style=\"font-weight: 400;\">Brun pasta og fullkornsbr\u00f8d kan ogs\u00e5 v\u00e6re til hjelp. Sunt fett og fiber f\u00e5r du fra n\u00f8tter og fr\u00f8 som mandler og chiafr\u00f8.<\/span><\/p>\t\t\t\t\t\t\t\t<\/div>\n\t\t\t\t<div class=\"elementor-element elementor-element-f3160b4 elementor-widget elementor-widget-text-editor\" data-id=\"f3160b4\" data-element_type=\"widget\" data-e-type=\"widget\" data-widget_type=\"text-editor.default\">\n\t\t\t\t\t\t\t\t\t<h2><b>Enkle m\u00e5ltidsideer for h\u00f8yt fiberinntak<\/b><\/h2>\t\t\t\t\t\t\t\t<\/div>\n\t\t\t\t<div class=\"elementor-element elementor-element-008fdb1 elementor-widget elementor-widget-text-editor\" data-id=\"008fdb1\" data-element_type=\"widget\" data-e-type=\"widget\" data-widget_type=\"text-editor.default\">\n\t\t\t\t\t\t\t\t\t<p><span style=\"font-weight: 400;\">Havregr\u00f8t med b\u00e6r og chiafr\u00f8 kan brukes til frokost. Spis et eple sammen med en liten porsjon n\u00f8tter. En linsesuppe servert med grovbr\u00f8d kan v\u00e6re lunsj. Ovnsbakt laks med quinoa og dampet brokkoli kan brukes til middag.<\/span><\/p><p><span style=\"font-weight: 400;\">Hummus og gulrotstaver gir fiber som mellomm\u00e5ltid. Frukt og en bolle med yoghurt fylt med en kombinasjon av forskjellige fr\u00f8 er utmerkede kandidater til \u00e5 spise f\u00f8r leggetid.<\/span><\/p>\t\t\t\t\t\t\t\t<\/div>\n\t\t\t\t<div class=\"elementor-element elementor-element-b5f3a56 elementor-widget elementor-widget-text-editor\" data-id=\"b5f3a56\" data-element_type=\"widget\" data-e-type=\"widget\" id=\"Vaner\" data-widget_type=\"text-editor.default\">\n\t\t\t\t\t\t\t\t\t<h2><b>Overv\u00e5king av kosthold og helse<\/b><\/h2>\t\t\t\t\t\t\t\t<\/div>\n\t\t\t\t<div class=\"elementor-element elementor-element-51b29a3 elementor-widget elementor-widget-text-editor\" data-id=\"51b29a3\" data-element_type=\"widget\" data-e-type=\"widget\" data-widget_type=\"text-editor.default\">\n\t\t\t\t\t\t\t\t\t<p><span style=\"font-weight: 400;\">Du kan skrive ned mengden fiberinntak ved hjelp av en matdagbok. Skriv ned kostholdet og tilstanden din daglig. Angi eventuelle magesmerter eller hum\u00f8rsvingninger. Dette vil hjelpe deg og legen din med \u00e5 planlegge den beste m\u00e5ten.<\/span><\/p><p><span style=\"font-weight: 400;\">Det kan v\u00e6re en app eller en blokk med notater i. Du m\u00e5 s\u00f8rge for \u00e5 skrive at du har minimum 25 til 30 gram fiber per dag.<\/span><\/p>\t\t\t\t\t\t\t\t<\/div>\n\t\t\t\t<div class=\"elementor-element elementor-element-facc5df elementor-widget elementor-widget-text-editor\" data-id=\"facc5df\" data-element_type=\"widget\" data-e-type=\"widget\" data-widget_type=\"text-editor.default\">\n\t\t\t\t\t\t\t\t\t<h2><b>Samarbeid med helseteamet ditt<\/b><\/h2>\t\t\t\t\t\t\t\t<\/div>\n\t\t\t\t<div class=\"elementor-element elementor-element-258e1d0 elementor-widget elementor-widget-text-editor\" data-id=\"258e1d0\" data-element_type=\"widget\" data-e-type=\"widget\" data-widget_type=\"text-editor.default\">\n\t\t\t\t\t\t\t\t\t<p><span style=\"font-weight: 400;\">Du b\u00f8r konsultere en ern\u00e6ringsfysiolog eller lege f\u00f8r du gj\u00f8r noen drastiske endringer i kostholdet ditt. De skal sjekke helsen din s\u00e5 vel som babyens. De vil hjelpe deg med \u00e5 f\u00e5 riktig fiberm\u00e5l.<\/span><\/p><p><span style=\"font-weight: 400;\">Legen din kan hjelpe deg hvis du har mageproblemer eller indikerer at noe er galt med ford\u00f8yelsen. De kan ogs\u00e5 anbefale gradvis tilf\u00f8rsel av fiber for \u00e5 forhindre gass eller oppbl\u00e5sthet.<\/span><\/p>\t\t\t\t\t\t\t\t<\/div>\n\t\t\t\t<div class=\"elementor-element elementor-element-158e3a3 elementor-widget elementor-widget-text-editor\" data-id=\"158e3a3\" data-element_type=\"widget\" data-e-type=\"widget\" data-widget_type=\"text-editor.default\">\n\t\t\t\t\t\t\t\t\t<h2><b>Forebyggende tiltak og beste praksis<\/b><\/h2>\t\t\t\t\t\t\t\t<\/div>\n\t\t\t\t<div class=\"elementor-element elementor-element-9dc9475 elementor-widget elementor-widget-text-editor\" data-id=\"9dc9475\" data-element_type=\"widget\" data-e-type=\"widget\" data-widget_type=\"text-editor.default\">\n\t\t\t\t\t\t\t\t\t<p><span style=\"font-weight: 400;\">Begynn med \u00e5 ta fiber tidlig i svangerskapet. Dette gir mer tid til \u00e5 endre tarmfunksjonen. Det bidrar ogs\u00e5 til at b\u00e5de du og babyen din holder seg sunn. Drikk mye vann etter at du har tatt fiber. Fiber krever vann for \u00e5 bevege seg i tarmen. N\u00e5r du ikke drikker mye, kan det f\u00f8re til forstoppelse.<\/span><\/p><p><span style=\"font-weight: 400;\">S\u00f8rg for at maten er balansert. Kombiner fiber og sunt fett med protein. Dette bidrar ogs\u00e5 til \u00e5 stabilisere blodsukkeret og fremmer <a href=\"https:\/\/www.babyverden.no\/baby\/spedbarnsboken\/spebarnets-vekst-og-utvikling\/\" target=\"_blank\" rel=\"noopener\">babyens vekst.<\/a><\/span><\/p>\t\t\t\t\t\t\t\t<\/div>\n\t\t\t\t<div class=\"elementor-element elementor-element-c0f4566 elementor-widget elementor-widget-text-editor\" data-id=\"c0f4566\" data-element_type=\"widget\" data-e-type=\"widget\" id=\"Viktige-punkter\" data-widget_type=\"text-editor.default\">\n\t\t\t\t\t\t\t\t\t<h2><b>Viktige punkter<\/b><\/h2>\t\t\t\t\t\t\t\t<\/div>\n\t\t\t\t<div class=\"elementor-element elementor-element-344199f elementor-widget elementor-widget-text-editor\" data-id=\"344199f\" data-element_type=\"widget\" data-e-type=\"widget\" data-widget_type=\"text-editor.default\">\n\t\t\t\t\t\t\t\t\t<ul><li style=\"font-weight: 400;\" aria-level=\"1\"><span style=\"font-weight: 400;\">Barnets helse kan bestemmes av mors matinntak.<\/span><\/li><li style=\"font-weight: 400;\" aria-level=\"1\"><span style=\"font-weight: 400;\">H\u00f8y risiko for ADHD hos barn er assosiert med lavt fiberinntak under graviditet.<\/span><\/li><li style=\"font-weight: 400;\" aria-level=\"1\"><span style=\"font-weight: 400;\">Fiber finnes i b\u00f8nner, korn, frukt og gr\u00f8nnsaker. Det gir n\u00e6ring til gunstige tarmbakterier og hjelper til med produksjonen av hjernevennlige kjemikalier.<\/span><\/li><li style=\"font-weight: 400;\" aria-level=\"1\"><span style=\"font-weight: 400;\">Det er enkelt \u00e5 innta fiber. Foretrekk hel frukt, fullkorn, b\u00f8nner, n\u00f8tter og fr\u00f8.<\/span><\/li><li style=\"font-weight: 400;\" aria-level=\"1\"><span style=\"font-weight: 400;\">Drikk mye vann. Skriv om maten din. Samarbeid med helsepersonell.<\/span><\/li><li style=\"font-weight: 400;\" aria-level=\"1\"><span style=\"font-weight: 400;\">F\u00f8lgende er tiltak som kan brukes for \u00e5 redusere forekomsten av ADHD hos barnet ditt.<\/span><\/li><\/ul>\t\t\t\t\t\t\t\t<\/div>\n\t\t\t\t<div class=\"elementor-element elementor-element-64ee762 elementor-widget elementor-widget-text-editor\" data-id=\"64ee762\" data-element_type=\"widget\" data-e-type=\"widget\" id=\"Pavirker\" data-widget_type=\"text-editor.default\">\n\t\t\t\t\t\t\t\t\t<h2><b>Handlingsoppfordringer<\/b><\/h2>\t\t\t\t\t\t\t\t<\/div>\n\t\t\t\t<div class=\"elementor-element elementor-element-09b1daf elementor-widget elementor-widget-text-editor\" data-id=\"09b1daf\" data-element_type=\"widget\" data-e-type=\"widget\" data-widget_type=\"text-editor.default\">\n\t\t\t\t\t\t\t\t\t<p><span style=\"font-weight: 400;\">Sp\u00f8r legen din i dag om ditt daglige fiberinntak. \u00c9n matvare om gangen, inkludert \u00e9n fiberrik matvare til hvert m\u00e5ltid. F\u00f8lg med p\u00e5 hva du spiser og s\u00f8rg for at du f\u00e5r i deg 25 gram fiber hver dag.<\/span><\/p><p><span style=\"font-weight: 400;\">Du kan ogs\u00e5 hjelpe noen ved \u00e5 vise dette til gravide venner og slektninger. Ved \u00e5 gj\u00f8re en liten justering i dag, kan man hjelpe et barn til \u00e5 v\u00e6re oppmerksomt og forbli rolig i fremtiden. <\/span><\/p>\t\t\t\t\t\t\t\t<\/div>\n\t\t\t\t<div class=\"elementor-element elementor-element-9902ea4 elementor-widget elementor-widget-text-editor\" data-id=\"9902ea4\" data-element_type=\"widget\" data-e-type=\"widget\" id=\"FAQs\" data-widget_type=\"text-editor.default\">\n\t\t\t\t\t\t\t\t\t<h2><b>Vanlige sp\u00f8rsm\u00e5l<\/b><\/h2>\t\t\t\t\t\t\t\t<\/div>\n\t\t\t\t<div class=\"elementor-element elementor-element-29b6229 elementor-widget elementor-widget-text-editor\" data-id=\"29b6229\" data-element_type=\"widget\" data-e-type=\"widget\" data-widget_type=\"text-editor.default\">\n\t\t\t\t\t\t\t\t\t<h3><b>Kan fiber virkelig p\u00e5virke barnets risiko for ADHD?<\/b><\/h3><p><span style=\"font-weight: 400;\">Ja. Fiber gir n\u00e6ring til gode tarmbakterier. Disse bakteriene produserer syrer som hjelper hjernevekst. Lavt fiberinntak kan endre disse signalene og \u00f8ke risikoen for ADHD.<\/span><\/p><h3><b>Hvor mye fiber b\u00f8r jeg spise i svangerskapet?<\/b><\/h3><p><span style=\"font-weight: 400;\">Sikt mot minst 25 til 30 gram per dag. Legen din kan hjelpe deg med \u00e5 sette det beste m\u00e5let.<\/span><\/p><h3><b>Hva om jeg f\u00e5r gass eller oppbl\u00e5sthet med mer fiber?<\/b><\/h3><p><span style=\"font-weight: 400;\">Start sakte. Legg til litt mer fiber hver uke. Drikk mer vann. Dette hjelper tarmen din med \u00e5 justere seg.<\/span><\/p><h3><b>Hvilke matvarer gir mest fiber?<\/b><\/h3><p><span style=\"font-weight: 400;\">B\u00f8nner, linser, fullkorn, frukt med skall, gr\u00f8nnsaker, n\u00f8tter og fr\u00f8.<\/span><\/p><h3><b>B\u00f8r jeg ta fibertilskudd?<\/b><\/h3><p><span style=\"font-weight: 400;\">Snakk med legen din f\u00f8rst. Fullverdig mat gir flere n\u00e6ringsstoffer enn kosttilskudd. Kosttilskudd kan hjelpe hvis du ikke f\u00e5r i deg nok fiber fra maten.<\/span><\/p><h3><b>Betyr dette at jeg kan forebygge ADHD?<\/b><\/h3><p><span style=\"font-weight: 400;\">Fiber er \u00e9n faktor. Et sunt kosthold kan redusere risikoen, men ikke garantere forebygging. Mange ting former et barns hjerne. <\/span><a href=\"https:\/\/psykiater.no\" target=\"_blank\" rel=\"noopener\"><span style=\"font-weight: 400;\">Psykiater.no<\/span><\/a><span style=\"font-weight: 400;\"> er her for \u00e5 l\u00e6re deg mer om ADHD og dens tegn eller symptomer.<\/span><\/p><h3><b>N\u00e5r b\u00f8r jeg begynne \u00e5 tilsette mer fiber?<\/b><\/h3><p><span style=\"font-weight: 400;\">Tidlig i svangerskapet er best. Jo f\u00f8r du starter, desto mer kan det hjelpe hjernens utvikling.<\/span><\/p><h3><b>Er det trygt \u00e5 spise mer fiber i svangerskapet?<\/b><\/h3><p><span style=\"font-weight: 400;\">Ja. Fiber fra mat er trygt. Bare tilsett det sakte og drikk vann.<\/span><\/p><h3><b>Hva om jeg allerede har et fiberfattig kosthold?<\/b><\/h3><p><span style=\"font-weight: 400;\">Det er aldri for sent \u00e5 begynne. Legg til \u00e9n ny fiberrik matvare hver dag. Snakk med legen din hvis du trenger mer hjelp.<\/span><\/p>\t\t\t\t\t\t\t\t<\/div>\n\t\t\t\t<\/div>\n\t\t<div class=\"elementor-element elementor-element-23b0d37 e-flex e-con-boxed e-con e-parent\" data-id=\"23b0d37\" data-element_type=\"container\" data-e-type=\"container\">\n\t\t\t\t\t<div class=\"e-con-inner\">\n\t\t<div class=\"elementor-element elementor-element-05fe9c8 e-con-full e-flex e-con e-child\" data-id=\"05fe9c8\" data-element_type=\"container\" data-e-type=\"container\">\n\t\t\t\t<\/div>\n\t\t<div class=\"elementor-element elementor-element-fc54c29 e-con-full e-flex e-con e-child\" data-id=\"fc54c29\" data-element_type=\"container\" data-e-type=\"container\">\n\t\t\t\t<\/div>\n\t\t\t\t\t<\/div>\n\t\t\t\t<\/div>\n\t\t<div class=\"elementor-element elementor-element-644dbd8 e-flex e-con-boxed e-con e-parent\" data-id=\"644dbd8\" data-element_type=\"container\" data-e-type=\"container\">\n\t\t\t\t\t<div class=\"e-con-inner\">\n\t\t\t\t\t<\/div>\n\t\t\t\t<\/div>\n\t\t\t\t<\/div>\n\t\t","protected":false},"excerpt":{"rendered":"<p>Fiber er en del av maten som kroppen v\u00e5r ikke kan ford\u00f8ye. Det hjelper tarmen v\u00e5r \u00e5 fungere godt. N\u00e5r en mor spiser nok fiber, har kroppen hennes og babyen det bedre. Ny forskning viser at n\u00e5r en mor spiser lite fiber i svangerskapet, kan barnet hennes ha st\u00f8rre sannsynlighet for \u00e5 f\u00e5 ADHD Denne [&hellip;]<\/p>\n","protected":false},"author":7,"featured_media":134817,"comment_status":"closed","ping_status":"closed","sticky":false,"template":"","format":"standard","meta":{"footnotes":""},"categories":[22,24],"tags":[26,28,40,39],"class_list":["post-134806","post","type-post","status-publish","format-standard","has-post-thumbnail","hentry","category-adhd","category-artikler","tag-adhd","tag-adhd-i-norge","tag-fiber","tag-leve-med-adhd"],"yoast_head":"<!-- This site is optimized with the Yoast SEO Premium plugin v28.0 (Yoast SEO v28.0) - https:\/\/yoast.com\/product\/yoast-seo-premium-wordpress\/ -->\n<title>Fiberinnhold i svangerskapet knyttet til ADHD<\/title>\n<meta name=\"description\" content=\"L\u00e6r hvordan lavt fiberinntak under graviditet kan \u00f8ke risikoen for ADHD hos barn. Enkel veiledning med tips om \u00e5 \u00f8ke fiberinntaket for et sunt svangerskap.\" \/>\n<meta name=\"robots\" content=\"noindex, follow, max-snippet:-1, max-image-preview:large, max-video-preview:-1\" \/>\n<meta property=\"og:locale\" content=\"nb_NO\" \/>\n<meta property=\"og:type\" content=\"article\" \/>\n<meta property=\"og:title\" content=\"Fiberinntak i svangerskapet knyttet til ADHD\" \/>\n<meta property=\"og:description\" content=\"L\u00e6r hvordan lavt fiberinntak under graviditet kan \u00f8ke risikoen for ADHD hos barn. Enkel veiledning med tips om \u00e5 \u00f8ke fiberinntaket for et sunt svangerskap.\" \/>\n<meta property=\"og:url\" content=\"https:\/\/psykiater.no\/fiberinntak-i-svangerskapet-knyttet-til-adhd\/\" \/>\n<meta property=\"og:site_name\" content=\"ADHD | Psykiater\" \/>\n<meta property=\"article:published_time\" content=\"2025-07-27T14:43:05+00:00\" \/>\n<meta property=\"article:modified_time\" content=\"2026-04-17T15:56:53+00:00\" \/>\n<meta property=\"og:image\" content=\"https:\/\/psykiater.no\/adhd\/wp-content\/uploads\/2025\/07\/Fiberinnhold-i-svangerskapet-knyttet-til-ADHD.webp\" \/>\n\t<meta property=\"og:image:width\" content=\"1000\" \/>\n\t<meta property=\"og:image:height\" content=\"700\" \/>\n\t<meta property=\"og:image:type\" content=\"image\/webp\" \/>\n<meta name=\"author\" content=\"Ishaa Naseer\" \/>\n<meta name=\"twitter:card\" content=\"summary_large_image\" \/>\n<meta name=\"twitter:label1\" content=\"Skrevet av\" \/>\n\t<meta name=\"twitter:data1\" content=\"Ishaa Naseer\" \/>\n\t<meta name=\"twitter:label2\" content=\"Ansl. lesetid\" \/>\n\t<meta name=\"twitter:data2\" content=\"8 minutter\" \/>\n<script type=\"application\/ld+json\" class=\"yoast-schema-graph\">{\"@context\":\"https:\\\/\\\/schema.org\",\"@graph\":[{\"@type\":\"Article\",\"@id\":\"https:\\\/\\\/psykiater.no\\\/fiberinntak-i-svangerskapet-knyttet-til-adhd\\\/#article\",\"isPartOf\":{\"@id\":\"https:\\\/\\\/psykiater.no\\\/adhd\\\/fiberinntak-i-svangerskapet-knyttet-til-adhd\\\/\"},\"author\":{\"name\":\"Ishaa Naseer\",\"@id\":\"https:\\\/\\\/psykiater.no\\\/adhd\\\/#\\\/schema\\\/person\\\/6ea107326979eaf91208424905b1a5a2\"},\"headline\":\"Fiberinntak i svangerskapet knyttet til ADHD\",\"datePublished\":\"2025-07-27T14:43:05+00:00\",\"dateModified\":\"2026-04-17T15:56:53+00:00\",\"mainEntityOfPage\":{\"@id\":\"https:\\\/\\\/psykiater.no\\\/adhd\\\/fiberinntak-i-svangerskapet-knyttet-til-adhd\\\/\"},\"wordCount\":1540,\"publisher\":{\"@id\":\"https:\\\/\\\/psykiater.no\\\/adhd\\\/#organization\"},\"image\":{\"@id\":\"https:\\\/\\\/psykiater.no\\\/fiberinntak-i-svangerskapet-knyttet-til-adhd\\\/#primaryimage\"},\"thumbnailUrl\":\"https:\\\/\\\/psykiater.no\\\/adhd\\\/wp-content\\\/uploads\\\/2025\\\/07\\\/Fiberinnhold-i-svangerskapet-knyttet-til-ADHD.webp\",\"keywords\":[\"ADHD\",\"adhd i norge\",\"fiber\",\"leve med ADHD\"],\"articleSection\":[\"ADHD\",\"Artikler\"],\"inLanguage\":\"nb-NO\"},{\"@type\":\"WebPage\",\"@id\":\"https:\\\/\\\/psykiater.no\\\/adhd\\\/fiberinntak-i-svangerskapet-knyttet-til-adhd\\\/\",\"url\":\"https:\\\/\\\/psykiater.no\\\/fiberinntak-i-svangerskapet-knyttet-til-adhd\\\/\",\"name\":\"Fiberinnhold i svangerskapet knyttet til ADHD\",\"isPartOf\":{\"@id\":\"https:\\\/\\\/psykiater.no\\\/adhd\\\/#website\"},\"primaryImageOfPage\":{\"@id\":\"https:\\\/\\\/psykiater.no\\\/fiberinntak-i-svangerskapet-knyttet-til-adhd\\\/#primaryimage\"},\"image\":{\"@id\":\"https:\\\/\\\/psykiater.no\\\/fiberinntak-i-svangerskapet-knyttet-til-adhd\\\/#primaryimage\"},\"thumbnailUrl\":\"https:\\\/\\\/psykiater.no\\\/adhd\\\/wp-content\\\/uploads\\\/2025\\\/07\\\/Fiberinnhold-i-svangerskapet-knyttet-til-ADHD.webp\",\"datePublished\":\"2025-07-27T14:43:05+00:00\",\"dateModified\":\"2026-04-17T15:56:53+00:00\",\"description\":\"L\u00e6r hvordan lavt fiberinntak under graviditet kan \u00f8ke risikoen for ADHD hos barn. Enkel veiledning med tips om \u00e5 \u00f8ke fiberinntaket for et sunt svangerskap.\",\"breadcrumb\":{\"@id\":\"https:\\\/\\\/psykiater.no\\\/fiberinntak-i-svangerskapet-knyttet-til-adhd\\\/#breadcrumb\"},\"inLanguage\":\"nb-NO\",\"potentialAction\":[{\"@type\":\"ReadAction\",\"target\":[\"https:\\\/\\\/psykiater.no\\\/fiberinntak-i-svangerskapet-knyttet-til-adhd\\\/\"]}]},{\"@type\":\"ImageObject\",\"inLanguage\":\"nb-NO\",\"@id\":\"https:\\\/\\\/psykiater.no\\\/fiberinntak-i-svangerskapet-knyttet-til-adhd\\\/#primaryimage\",\"url\":\"https:\\\/\\\/psykiater.no\\\/adhd\\\/wp-content\\\/uploads\\\/2025\\\/07\\\/Fiberinnhold-i-svangerskapet-knyttet-til-ADHD.webp\",\"contentUrl\":\"https:\\\/\\\/psykiater.no\\\/adhd\\\/wp-content\\\/uploads\\\/2025\\\/07\\\/Fiberinnhold-i-svangerskapet-knyttet-til-ADHD.webp\",\"width\":1000,\"height\":700,\"caption\":\"Fiberinntak i svangerskapet knyttet til ADHD\"},{\"@type\":\"BreadcrumbList\",\"@id\":\"https:\\\/\\\/psykiater.no\\\/fiberinntak-i-svangerskapet-knyttet-til-adhd\\\/#breadcrumb\",\"itemListElement\":[{\"@type\":\"ListItem\",\"position\":1,\"name\":\"Hjem\",\"item\":\"https:\\\/\\\/psykiater.no\\\/adhd\\\/\"},{\"@type\":\"ListItem\",\"position\":2,\"name\":\"Fiberinntak i svangerskapet knyttet til ADHD\"}]},{\"@type\":\"WebSite\",\"@id\":\"https:\\\/\\\/psykiater.no\\\/adhd\\\/#website\",\"url\":\"https:\\\/\\\/psykiater.no\\\/adhd\\\/\",\"name\":\"ADHD | Psykiater\",\"description\":\"\",\"publisher\":{\"@id\":\"https:\\\/\\\/psykiater.no\\\/adhd\\\/#organization\"},\"potentialAction\":[{\"@type\":\"SearchAction\",\"target\":{\"@type\":\"EntryPoint\",\"urlTemplate\":\"https:\\\/\\\/psykiater.no\\\/adhd\\\/?s={search_term_string}\"},\"query-input\":{\"@type\":\"PropertyValueSpecification\",\"valueRequired\":true,\"valueName\":\"search_term_string\"}}],\"inLanguage\":\"nb-NO\"},{\"@type\":\"Organization\",\"@id\":\"https:\\\/\\\/psykiater.no\\\/adhd\\\/#organization\",\"name\":\"ADHD | Psykiater\",\"url\":\"https:\\\/\\\/psykiater.no\\\/adhd\\\/\",\"logo\":{\"@type\":\"ImageObject\",\"inLanguage\":\"nb-NO\",\"@id\":\"https:\\\/\\\/psykiater.no\\\/adhd\\\/#\\\/schema\\\/logo\\\/image\\\/\",\"url\":\"https:\\\/\\\/psykiater.no\\\/adhd\\\/wp-content\\\/uploads\\\/2026\\\/04\\\/Site-logo-1.svg\",\"contentUrl\":\"https:\\\/\\\/psykiater.no\\\/adhd\\\/wp-content\\\/uploads\\\/2026\\\/04\\\/Site-logo-1.svg\",\"width\":336,\"height\":60,\"caption\":\"ADHD | Psykiater\"},\"image\":{\"@id\":\"https:\\\/\\\/psykiater.no\\\/adhd\\\/#\\\/schema\\\/logo\\\/image\\\/\"}},{\"@type\":\"Person\",\"@id\":\"https:\\\/\\\/psykiater.no\\\/adhd\\\/#\\\/schema\\\/person\\\/6ea107326979eaf91208424905b1a5a2\",\"name\":\"Ishaa Naseer\",\"image\":{\"@type\":\"ImageObject\",\"inLanguage\":\"nb-NO\",\"@id\":\"https:\\\/\\\/secure.gravatar.com\\\/avatar\\\/06dbcfd977a860181cb0fe0ca882e32a96f48e6c7373662da0bf824a8ce93455?s=96&d=mm&r=g\",\"url\":\"https:\\\/\\\/secure.gravatar.com\\\/avatar\\\/06dbcfd977a860181cb0fe0ca882e32a96f48e6c7373662da0bf824a8ce93455?s=96&d=mm&r=g\",\"contentUrl\":\"https:\\\/\\\/secure.gravatar.com\\\/avatar\\\/06dbcfd977a860181cb0fe0ca882e32a96f48e6c7373662da0bf824a8ce93455?s=96&d=mm&r=g\",\"caption\":\"Ishaa Naseer\"},\"url\":\"https:\\\/\\\/psykiater.no\\\/adhd\\\/author\\\/ishaa\\\/\"}]}<\/script>\n<!-- \/ Yoast SEO Premium plugin. -->","yoast_head_json":{"title":"Fiberinnhold i svangerskapet knyttet til ADHD","description":"L\u00e6r hvordan lavt fiberinntak under graviditet kan \u00f8ke risikoen for ADHD hos barn. Enkel veiledning med tips om \u00e5 \u00f8ke fiberinntaket for et sunt svangerskap.","robots":{"index":"noindex","follow":"follow","max-snippet":"max-snippet:-1","max-image-preview":"max-image-preview:large","max-video-preview":"max-video-preview:-1"},"og_locale":"nb_NO","og_type":"article","og_title":"Fiberinntak i svangerskapet knyttet til ADHD","og_description":"L\u00e6r hvordan lavt fiberinntak under graviditet kan \u00f8ke risikoen for ADHD hos barn. Enkel veiledning med tips om \u00e5 \u00f8ke fiberinntaket for et sunt svangerskap.","og_url":"https:\/\/psykiater.no\/fiberinntak-i-svangerskapet-knyttet-til-adhd\/","og_site_name":"ADHD | Psykiater","article_published_time":"2025-07-27T14:43:05+00:00","article_modified_time":"2026-04-17T15:56:53+00:00","og_image":[{"width":1000,"height":700,"url":"https:\/\/psykiater.no\/adhd\/wp-content\/uploads\/2025\/07\/Fiberinnhold-i-svangerskapet-knyttet-til-ADHD.webp","type":"image\/webp"}],"author":"Ishaa Naseer","twitter_card":"summary_large_image","twitter_misc":{"Skrevet av":"Ishaa Naseer","Ansl. lesetid":"8 minutter"},"schema":{"@context":"https:\/\/schema.org","@graph":[{"@type":"Article","@id":"https:\/\/psykiater.no\/fiberinntak-i-svangerskapet-knyttet-til-adhd\/#article","isPartOf":{"@id":"https:\/\/psykiater.no\/adhd\/fiberinntak-i-svangerskapet-knyttet-til-adhd\/"},"author":{"name":"Ishaa Naseer","@id":"https:\/\/psykiater.no\/adhd\/#\/schema\/person\/6ea107326979eaf91208424905b1a5a2"},"headline":"Fiberinntak i svangerskapet knyttet til ADHD","datePublished":"2025-07-27T14:43:05+00:00","dateModified":"2026-04-17T15:56:53+00:00","mainEntityOfPage":{"@id":"https:\/\/psykiater.no\/adhd\/fiberinntak-i-svangerskapet-knyttet-til-adhd\/"},"wordCount":1540,"publisher":{"@id":"https:\/\/psykiater.no\/adhd\/#organization"},"image":{"@id":"https:\/\/psykiater.no\/fiberinntak-i-svangerskapet-knyttet-til-adhd\/#primaryimage"},"thumbnailUrl":"https:\/\/psykiater.no\/adhd\/wp-content\/uploads\/2025\/07\/Fiberinnhold-i-svangerskapet-knyttet-til-ADHD.webp","keywords":["ADHD","adhd i norge","fiber","leve med ADHD"],"articleSection":["ADHD","Artikler"],"inLanguage":"nb-NO"},{"@type":"WebPage","@id":"https:\/\/psykiater.no\/adhd\/fiberinntak-i-svangerskapet-knyttet-til-adhd\/","url":"https:\/\/psykiater.no\/fiberinntak-i-svangerskapet-knyttet-til-adhd\/","name":"Fiberinnhold i svangerskapet knyttet til ADHD","isPartOf":{"@id":"https:\/\/psykiater.no\/adhd\/#website"},"primaryImageOfPage":{"@id":"https:\/\/psykiater.no\/fiberinntak-i-svangerskapet-knyttet-til-adhd\/#primaryimage"},"image":{"@id":"https:\/\/psykiater.no\/fiberinntak-i-svangerskapet-knyttet-til-adhd\/#primaryimage"},"thumbnailUrl":"https:\/\/psykiater.no\/adhd\/wp-content\/uploads\/2025\/07\/Fiberinnhold-i-svangerskapet-knyttet-til-ADHD.webp","datePublished":"2025-07-27T14:43:05+00:00","dateModified":"2026-04-17T15:56:53+00:00","description":"L\u00e6r hvordan lavt fiberinntak under graviditet kan \u00f8ke risikoen for ADHD hos barn. Enkel veiledning med tips om \u00e5 \u00f8ke fiberinntaket for et sunt svangerskap.","breadcrumb":{"@id":"https:\/\/psykiater.no\/fiberinntak-i-svangerskapet-knyttet-til-adhd\/#breadcrumb"},"inLanguage":"nb-NO","potentialAction":[{"@type":"ReadAction","target":["https:\/\/psykiater.no\/fiberinntak-i-svangerskapet-knyttet-til-adhd\/"]}]},{"@type":"ImageObject","inLanguage":"nb-NO","@id":"https:\/\/psykiater.no\/fiberinntak-i-svangerskapet-knyttet-til-adhd\/#primaryimage","url":"https:\/\/psykiater.no\/adhd\/wp-content\/uploads\/2025\/07\/Fiberinnhold-i-svangerskapet-knyttet-til-ADHD.webp","contentUrl":"https:\/\/psykiater.no\/adhd\/wp-content\/uploads\/2025\/07\/Fiberinnhold-i-svangerskapet-knyttet-til-ADHD.webp","width":1000,"height":700,"caption":"Fiberinntak i svangerskapet knyttet til ADHD"},{"@type":"BreadcrumbList","@id":"https:\/\/psykiater.no\/fiberinntak-i-svangerskapet-knyttet-til-adhd\/#breadcrumb","itemListElement":[{"@type":"ListItem","position":1,"name":"Hjem","item":"https:\/\/psykiater.no\/adhd\/"},{"@type":"ListItem","position":2,"name":"Fiberinntak i svangerskapet knyttet til ADHD"}]},{"@type":"WebSite","@id":"https:\/\/psykiater.no\/adhd\/#website","url":"https:\/\/psykiater.no\/adhd\/","name":"ADHD | Psykiater","description":"","publisher":{"@id":"https:\/\/psykiater.no\/adhd\/#organization"},"potentialAction":[{"@type":"SearchAction","target":{"@type":"EntryPoint","urlTemplate":"https:\/\/psykiater.no\/adhd\/?s={search_term_string}"},"query-input":{"@type":"PropertyValueSpecification","valueRequired":true,"valueName":"search_term_string"}}],"inLanguage":"nb-NO"},{"@type":"Organization","@id":"https:\/\/psykiater.no\/adhd\/#organization","name":"ADHD | Psykiater","url":"https:\/\/psykiater.no\/adhd\/","logo":{"@type":"ImageObject","inLanguage":"nb-NO","@id":"https:\/\/psykiater.no\/adhd\/#\/schema\/logo\/image\/","url":"https:\/\/psykiater.no\/adhd\/wp-content\/uploads\/2026\/04\/Site-logo-1.svg","contentUrl":"https:\/\/psykiater.no\/adhd\/wp-content\/uploads\/2026\/04\/Site-logo-1.svg","width":336,"height":60,"caption":"ADHD | Psykiater"},"image":{"@id":"https:\/\/psykiater.no\/adhd\/#\/schema\/logo\/image\/"}},{"@type":"Person","@id":"https:\/\/psykiater.no\/adhd\/#\/schema\/person\/6ea107326979eaf91208424905b1a5a2","name":"Ishaa Naseer","image":{"@type":"ImageObject","inLanguage":"nb-NO","@id":"https:\/\/secure.gravatar.com\/avatar\/06dbcfd977a860181cb0fe0ca882e32a96f48e6c7373662da0bf824a8ce93455?s=96&d=mm&r=g","url":"https:\/\/secure.gravatar.com\/avatar\/06dbcfd977a860181cb0fe0ca882e32a96f48e6c7373662da0bf824a8ce93455?s=96&d=mm&r=g","contentUrl":"https:\/\/secure.gravatar.com\/avatar\/06dbcfd977a860181cb0fe0ca882e32a96f48e6c7373662da0bf824a8ce93455?s=96&d=mm&r=g","caption":"Ishaa Naseer"},"url":"https:\/\/psykiater.no\/adhd\/author\/ishaa\/"}]}},"_links":{"self":[{"href":"https:\/\/psykiater.no\/adhd\/wp-json\/wp\/v2\/posts\/134806","targetHints":{"allow":["GET"]}}],"collection":[{"href":"https:\/\/psykiater.no\/adhd\/wp-json\/wp\/v2\/posts"}],"about":[{"href":"https:\/\/psykiater.no\/adhd\/wp-json\/wp\/v2\/types\/post"}],"author":[{"embeddable":true,"href":"https:\/\/psykiater.no\/adhd\/wp-json\/wp\/v2\/users\/7"}],"replies":[{"embeddable":true,"href":"https:\/\/psykiater.no\/adhd\/wp-json\/wp\/v2\/comments?post=134806"}],"version-history":[{"count":1,"href":"https:\/\/psykiater.no\/adhd\/wp-json\/wp\/v2\/posts\/134806\/revisions"}],"predecessor-version":[{"id":157805,"href":"https:\/\/psykiater.no\/adhd\/wp-json\/wp\/v2\/posts\/134806\/revisions\/157805"}],"wp:featuredmedia":[{"embeddable":true,"href":"https:\/\/psykiater.no\/adhd\/wp-json\/wp\/v2\/media\/134817"}],"wp:attachment":[{"href":"https:\/\/psykiater.no\/adhd\/wp-json\/wp\/v2\/media?parent=134806"}],"wp:term":[{"taxonomy":"category","embeddable":true,"href":"https:\/\/psykiater.no\/adhd\/wp-json\/wp\/v2\/categories?post=134806"},{"taxonomy":"post_tag","embeddable":true,"href":"https:\/\/psykiater.no\/adhd\/wp-json\/wp\/v2\/tags?post=134806"}],"curies":[{"name":"wp","href":"https:\/\/api.w.org\/{rel}","templated":true}]}}